{"id":2202,"date":"2022-08-14T20:21:04","date_gmt":"2022-08-14T18:21:04","guid":{"rendered":"http:\/\/www.vogtlandwandern.de\/neu2017\/?p=2202"},"modified":"2022-08-14T20:21:04","modified_gmt":"2022-08-14T18:21:04","slug":"wandergemeinschaft-beim-festumzug-in-plauen-dabei","status":"publish","type":"post","link":"https:\/\/www.vogtlandwandern.de\/neu2017\/2022\/08\/14\/wandergemeinschaft-beim-festumzug-in-plauen-dabei\/","title":{"rendered":"Wandergemeinschaft beim Festumzug in Plauen dabei"},"content":{"rendered":"<p>Anl\u00e4\u00dflich der 900-Jahrfeier in Plauen beteiligte sich eine kleine Wandergruppe am Festumzug. Als kleine Referenz an die Gr\u00fcndungsv\u00e4ter des Verbandes 1881 \u2013 dem B\u00fcrgermeister Wagner und Seminaroberlehrer Metzner der Stadt Plauen.<\/p>\n","protected":false},"excerpt":{"rendered":"<p>Anl\u00e4\u00dflich der 900-Jahrfeier in Plauen beteiligte sich eine kleine Wandergruppe am Festumzug. Als kleine Referenz an die Gr\u00fcndungsv\u00e4ter des Verbandes 1881 \u2013 dem B\u00fcrgermeister Wagner und Seminaroberlehrer Metzner der Stadt Plauen.<\/p>\n","protected":false},"author":2,"featured_media":0,"comment_status":"closed","ping_status":"closed","sticky":false,"template":"","format":"standard","meta":{"_et_pb_use_builder":"","_et_pb_old_content":"","_et_gb_content_width":""},"categories":[9],"tags":[],"_links":{"self":[{"href":"https:\/\/www.vogtlandwandern.de\/neu2017\/wp-json\/wp\/v2\/posts\/2202"}],"collection":[{"href":"https:\/\/www.vogtlandwandern.de\/neu2017\/wp-json\/wp\/v2\/posts"}],"about":[{"href":"https:\/\/www.vogtlandwandern.de\/neu2017\/wp-json\/wp\/v2\/types\/post"}],"author":[{"embeddable":true,"href":"https:\/\/www.vogtlandwandern.de\/neu2017\/wp-json\/wp\/v2\/users\/2"}],"replies":[{"embeddable":true,"href":"https:\/\/www.vogtlandwandern.de\/neu2017\/wp-json\/wp\/v2\/comments?post=2202"}],"version-history":[{"count":1,"href":"https:\/\/www.vogtlandwandern.de\/neu2017\/wp-json\/wp\/v2\/posts\/2202\/revisions"}],"predecessor-version":[{"id":2203,"href":"https:\/\/www.vogtlandwandern.de\/neu2017\/wp-json\/wp\/v2\/posts\/2202\/revisions\/2203"}],"wp:attachment":[{"href":"https:\/\/www.vogtlandwandern.de\/neu2017\/wp-json\/wp\/v2\/media?parent=2202"}],"wp:term":[{"taxonomy":"category","embeddable":true,"href":"https:\/\/www.vogtlandwandern.de\/neu2017\/wp-json\/wp\/v2\/categories?post=2202"},{"taxonomy":"post_tag","embeddable":true,"href":"https:\/\/www.vogtlandwandern.de\/neu2017\/wp-json\/wp\/v2\/tags?post=2202"}],"curies":[{"name":"wp","href":"https:\/\/api.w.org\/{rel}","templated":true}]}}