{"id":2206,"date":"2022-08-14T20:45:54","date_gmt":"2022-08-14T18:45:54","guid":{"rendered":"http:\/\/www.vogtlandwandern.de\/neu2017\/?p=2206"},"modified":"2022-08-14T20:45:54","modified_gmt":"2022-08-14T18:45:54","slug":"2-wanderkindergarten-im-vogtland","status":"publish","type":"post","link":"https:\/\/www.vogtlandwandern.de\/neu2017\/2022\/08\/14\/2-wanderkindergarten-im-vogtland\/","title":{"rendered":"2. Wanderkindergarten im Vogtland"},"content":{"rendered":"<p>Der Kindergarten &#8222;Sonnenk\u00e4fer&#8220; in Mechelgr\u00fcn konnte mit dem DWV-Hausschild &#8222;let`s go&#8220; von Kathrin Hager als Wanderkindergarten ausgezeichnet werden. Jeden Freitag ist Wandertag f\u00fcr eine Kindergruppe &#8230; super! Und dass das Wandern den Kindern nicht schwer f\u00e4llt, haben alle &#8222;Sonnenk\u00e4fer-Kinder&#8220; mit ihren Erzieher\/innen und einigen Eltern bzw. Gro\u00dfeltern am Mittwoch, 10.08.2022 bewiesen. Mit Spiel und Spa\u00df wurde die Wanderzeit nicht langweilig.<\/p>\n","protected":false},"excerpt":{"rendered":"<p>Der Kindergarten &#8222;Sonnenk\u00e4fer&#8220; in Mechelgr\u00fcn konnte mit dem DWV-Hausschild &#8222;let`s go&#8220; von Kathrin Hager als Wanderkindergarten ausgezeichnet werden. Jeden Freitag ist Wandertag f\u00fcr eine Kindergruppe &#8230; super! Und dass das Wandern den Kindern nicht schwer f\u00e4llt, haben alle &#8222;Sonnenk\u00e4fer-Kinder&#8220; mit ihren Erzieher\/innen und einigen Eltern bzw. Gro\u00dfeltern am Mittwoch, 10.08.2022 bewiesen. Mit Spiel und Spa\u00df [&hellip;]<\/p>\n","protected":false},"author":2,"featured_media":0,"comment_status":"closed","ping_status":"closed","sticky":false,"template":"","format":"standard","meta":{"_et_pb_use_builder":"","_et_pb_old_content":"","_et_gb_content_width":""},"categories":[9],"tags":[],"_links":{"self":[{"href":"https:\/\/www.vogtlandwandern.de\/neu2017\/wp-json\/wp\/v2\/posts\/2206"}],"collection":[{"href":"https:\/\/www.vogtlandwandern.de\/neu2017\/wp-json\/wp\/v2\/posts"}],"about":[{"href":"https:\/\/www.vogtlandwandern.de\/neu2017\/wp-json\/wp\/v2\/types\/post"}],"author":[{"embeddable":true,"href":"https:\/\/www.vogtlandwandern.de\/neu2017\/wp-json\/wp\/v2\/users\/2"}],"replies":[{"embeddable":true,"href":"https:\/\/www.vogtlandwandern.de\/neu2017\/wp-json\/wp\/v2\/comments?post=2206"}],"version-history":[{"count":1,"href":"https:\/\/www.vogtlandwandern.de\/neu2017\/wp-json\/wp\/v2\/posts\/2206\/revisions"}],"predecessor-version":[{"id":2207,"href":"https:\/\/www.vogtlandwandern.de\/neu2017\/wp-json\/wp\/v2\/posts\/2206\/revisions\/2207"}],"wp:attachment":[{"href":"https:\/\/www.vogtlandwandern.de\/neu2017\/wp-json\/wp\/v2\/media?parent=2206"}],"wp:term":[{"taxonomy":"category","embeddable":true,"href":"https:\/\/www.vogtlandwandern.de\/neu2017\/wp-json\/wp\/v2\/categories?post=2206"},{"taxonomy":"post_tag","embeddable":true,"href":"https:\/\/www.vogtlandwandern.de\/neu2017\/wp-json\/wp\/v2\/tags?post=2206"}],"curies":[{"name":"wp","href":"https:\/\/api.w.org\/{rel}","templated":true}]}}