{"id":2258,"date":"2022-11-18T10:31:01","date_gmt":"2022-11-18T09:31:01","guid":{"rendered":"http:\/\/www.vogtlandwandern.de\/neu2017\/?p=2258"},"modified":"2022-11-18T10:31:39","modified_gmt":"2022-11-18T09:31:39","slug":"vogtl-wanderplan-2023-fuer-die-pinwand","status":"publish","type":"post","link":"https:\/\/www.vogtlandwandern.de\/neu2017\/2022\/11\/18\/vogtl-wanderplan-2023-fuer-die-pinwand\/","title":{"rendered":"Vogtl. Wanderplan 2023 f\u00fcr die Pinwand"},"content":{"rendered":"<p>In den n\u00e4chsten Tagen wird der Vogtl. Wanderplan f\u00fcr 2023 in die Termin\u00fcbersicht eingepflegt. Selbstverst\u00e4ndlich wird es auch wieder die Druckversion geben. Doch vorerst &#8211; auch f\u00fcr die weiteren Vereinsplanungen &#8211; finden Sie den Plan hier:\u00a0\u00a0<a href=\"https:\/\/www.vogtlandwandern.de\/neu2017\/wp-content\/uploads\/2022\/10\/Plan-2023-VGWV-Stand-14.11.xlsx\">Plan 2023 VGWV &#8211; Stand 14.11<\/a><\/p>\n","protected":false},"excerpt":{"rendered":"<p>In den n\u00e4chsten Tagen wird der Vogtl. Wanderplan f\u00fcr 2023 in die Termin\u00fcbersicht eingepflegt. Selbstverst\u00e4ndlich wird es auch wieder die Druckversion geben. Doch vorerst &#8211; auch f\u00fcr die weiteren Vereinsplanungen &#8211; finden Sie den Plan hier:\u00a0\u00a0Plan 2023 VGWV &#8211; Stand 14.11<\/p>\n","protected":false},"author":2,"featured_media":0,"comment_status":"closed","ping_status":"closed","sticky":false,"template":"","format":"standard","meta":{"_et_pb_use_builder":"","_et_pb_old_content":"","_et_gb_content_width":""},"categories":[9],"tags":[],"_links":{"self":[{"href":"https:\/\/www.vogtlandwandern.de\/neu2017\/wp-json\/wp\/v2\/posts\/2258"}],"collection":[{"href":"https:\/\/www.vogtlandwandern.de\/neu2017\/wp-json\/wp\/v2\/posts"}],"about":[{"href":"https:\/\/www.vogtlandwandern.de\/neu2017\/wp-json\/wp\/v2\/types\/post"}],"author":[{"embeddable":true,"href":"https:\/\/www.vogtlandwandern.de\/neu2017\/wp-json\/wp\/v2\/users\/2"}],"replies":[{"embeddable":true,"href":"https:\/\/www.vogtlandwandern.de\/neu2017\/wp-json\/wp\/v2\/comments?post=2258"}],"version-history":[{"count":2,"href":"https:\/\/www.vogtlandwandern.de\/neu2017\/wp-json\/wp\/v2\/posts\/2258\/revisions"}],"predecessor-version":[{"id":2267,"href":"https:\/\/www.vogtlandwandern.de\/neu2017\/wp-json\/wp\/v2\/posts\/2258\/revisions\/2267"}],"wp:attachment":[{"href":"https:\/\/www.vogtlandwandern.de\/neu2017\/wp-json\/wp\/v2\/media?parent=2258"}],"wp:term":[{"taxonomy":"category","embeddable":true,"href":"https:\/\/www.vogtlandwandern.de\/neu2017\/wp-json\/wp\/v2\/categories?post=2258"},{"taxonomy":"post_tag","embeddable":true,"href":"https:\/\/www.vogtlandwandern.de\/neu2017\/wp-json\/wp\/v2\/tags?post=2258"}],"curies":[{"name":"wp","href":"https:\/\/api.w.org\/{rel}","templated":true}]}}