{"id":2597,"date":"2023-03-31T19:45:30","date_gmt":"2023-03-31T17:45:30","guid":{"rendered":"https:\/\/www.vogtlandwandern.de\/neu2017\/?p=2597"},"modified":"2023-04-23T22:10:04","modified_gmt":"2023-04-23T20:10:04","slug":"hurra-wir-gehoeren-zu-den-preistraegern-der-efal-stiftung-2023","status":"publish","type":"post","link":"https:\/\/www.vogtlandwandern.de\/neu2017\/2023\/03\/31\/hurra-wir-gehoeren-zu-den-preistraegern-der-efal-stiftung-2023\/","title":{"rendered":"Hurra &#8211; Wir geh\u00f6ren zu den Preistr\u00e4gern der Erfal-Stiftung 2023"},"content":{"rendered":"\n<p>Uns erreichte die Nachricht, dass wir mit dem Projekt \u201e125 Jahre Quellfassung der Wei\u00dfen Elster und die Ideen sprudeln weiter\u201c \u2013 eine Sternwanderung (am 01.07.2023) \u00fcber die Elsterquelle mit Ziel B\u00e4rendorfer Schupf`n \u2013 hier ist Tanz mit den B\u00e4rendorfer Blasmusikanten \u2013 zu den diesj\u00e4hrigen Preistr\u00e4gern geh\u00f6ren. Wir danken recht herzlich der erfal-Stiftung!<br>N\u00e4heres bald hier: <a href=\"https:\/\/www.erfal-stiftung.de\">https:\/\/www.erfal-stiftung.de<\/a><\/p>\n","protected":false},"excerpt":{"rendered":"<p>Uns erreichte die Nachricht, dass wir mit dem Projekt \u201e125 Jahre Quellfassung der Wei\u00dfen Elster und die Ideen sprudeln weiter\u201c \u2013 eine Sternwanderung (am 01.07.2023) \u00fcber die Elsterquelle mit Ziel B\u00e4rendorfer Schupf`n \u2013 hier ist Tanz mit den B\u00e4rendorfer Blasmusikanten \u2013 zu den diesj\u00e4hrigen Preistr\u00e4gern geh\u00f6ren. Wir danken recht herzlich der erfal-Stiftung!N\u00e4heres bald hier: https:\/\/www.erfal-stiftung.de<\/p>\n","protected":false},"author":1,"featured_media":0,"comment_status":"closed","ping_status":"closed","sticky":false,"template":"","format":"standard","meta":{"_et_pb_use_builder":"off","_et_pb_old_content":"","_et_gb_content_width":""},"categories":[9],"tags":[],"_links":{"self":[{"href":"https:\/\/www.vogtlandwandern.de\/neu2017\/wp-json\/wp\/v2\/posts\/2597"}],"collection":[{"href":"https:\/\/www.vogtlandwandern.de\/neu2017\/wp-json\/wp\/v2\/posts"}],"about":[{"href":"https:\/\/www.vogtlandwandern.de\/neu2017\/wp-json\/wp\/v2\/types\/post"}],"author":[{"embeddable":true,"href":"https:\/\/www.vogtlandwandern.de\/neu2017\/wp-json\/wp\/v2\/users\/1"}],"replies":[{"embeddable":true,"href":"https:\/\/www.vogtlandwandern.de\/neu2017\/wp-json\/wp\/v2\/comments?post=2597"}],"version-history":[{"count":3,"href":"https:\/\/www.vogtlandwandern.de\/neu2017\/wp-json\/wp\/v2\/posts\/2597\/revisions"}],"predecessor-version":[{"id":2612,"href":"https:\/\/www.vogtlandwandern.de\/neu2017\/wp-json\/wp\/v2\/posts\/2597\/revisions\/2612"}],"wp:attachment":[{"href":"https:\/\/www.vogtlandwandern.de\/neu2017\/wp-json\/wp\/v2\/media?parent=2597"}],"wp:term":[{"taxonomy":"category","embeddable":true,"href":"https:\/\/www.vogtlandwandern.de\/neu2017\/wp-json\/wp\/v2\/categories?post=2597"},{"taxonomy":"post_tag","embeddable":true,"href":"https:\/\/www.vogtlandwandern.de\/neu2017\/wp-json\/wp\/v2\/tags?post=2597"}],"curies":[{"name":"wp","href":"https:\/\/api.w.org\/{rel}","templated":true}]}}